{"id":2119,"date":"2019-10-09T09:39:19","date_gmt":"2019-10-09T07:39:19","guid":{"rendered":"http:\/\/blog.bibliothek.kit.edu\/ag_univerlage\/?p=2119"},"modified":"2019-11-12T12:40:21","modified_gmt":"2019-11-12T10:40:21","slug":"arbeitsgemeinschaft-der-universitaetsverlage-auf-der-frankfurter-buchmesse-2019","status":"publish","type":"post","link":"https:\/\/ag-univerlage.de\/?p=2119","title":{"rendered":"Arbeitsgemeinschaft der Universit\u00e4tsverlage auf der Frankfurter Buchmesse 2019"},"content":{"rendered":"<p><a href=\"https:\/\/www.buchmesse.de\/\" target=\"_blank\" rel=\"noopener noreferrer\"><img loading=\"lazy\" decoding=\"async\" class=\"alignleft wp-image-1099\" style=\"border: 1px solid #ccc; padding: 8px 4px;\" title=\"Arbeitsgemeinschaft der Universit\u00e4tsverlage auf der Frankfurter Buchmesse 2019\" src=\"http:\/\/blog.bibliothek.kit.edu\/ag_univerlage\/wp-content\/uploads\/2014\/10\/Frankfurter_Buchmesse_rot_200x45.jpg\" alt=\"Logo\" width=\"181\" height=\"41\" srcset=\"https:\/\/ag-univerlage.de\/wp-content\/uploads\/2014\/10\/Frankfurter_Buchmesse_rot_200x45.jpg 199w, https:\/\/ag-univerlage.de\/wp-content\/uploads\/2014\/10\/Frankfurter_Buchmesse_rot_200x45-100x22.jpg 100w, https:\/\/ag-univerlage.de\/wp-content\/uploads\/2014\/10\/Frankfurter_Buchmesse_rot_200x45-150x33.jpg 150w\" sizes=\"auto, (max-width: 181px) 100vw, 181px\" \/><\/a>Die Mitglieder der Arbeitsgemeinschaft der Universit\u00e4tsverlage pr\u00e4sentieren eine Vielzahl neuer Titel w\u00e4hrend der <a href=\"https:\/\/www.buchmesse.de\/\" target=\"_blank\" rel=\"noopener noreferrer\">Frankfurter Buchmesse<\/a> (16. \u2013 20. Oktober 2019).<\/p>\n<p>Auf dem Gemeinschaftsstand stellen die AG-Mitglieder gemeinsam mit Leuven University Press ihre Buchproduktion und ihre innovativen Publikationsdienstleistungen vor.<\/p>\n<p>Erstmalig finden in diesem Jahr Vortr\u00e4ge zu Themen rund um das \u201eOpen-Access-Publizieren\u201c am Stand statt:<\/p>\n<ul>\n<li>16.10.2019, 13 Uhr: <a href=\"http:\/\/blog.bibliothek.kit.edu\/ag_univerlage\/wp-content\/uploads\/2019\/11\/U-Arning-Warum-Open-Access-FR-Buchmesse_2019.pdf\">Dr. Ursula Arning \u201eWarum Open Access?\u201c<\/a><\/li>\n<li>17.10.2019, 11 Uhr: <a href=\"http:\/\/blog.bibliothek.kit.edu\/ag_univerlage\/wp-content\/uploads\/2019\/11\/J-Schmitz-Benefits-of-Open-Access-FR-Buchmesse_2019.pdf\">Dr. Jasmin Schmitz \u201eBenefits of Open Access\u201c<\/a><\/li>\n<li>18.10.2019, 11 Uhr: <a href=\"http:\/\/blog.bibliothek.kit.edu\/ag_univerlage\/wp-content\/uploads\/2019\/11\/M-Bargheer-DOIS-ORCID-FR-Buchmesse_2019.pdf\">Margo Bargheer \u201eDOIs und ORCID\u201c<\/a><\/li>\n<\/ul>\n<p>Die Verlagsvertreterinnen und -vertreter stehen Ihnen gerne vor Ort f\u00fcr Fragen zur Verf\u00fcgung. Sie finden den Gemeinschaftsstand in <a href=\"https:\/\/www.buchmesse.de\/service\/hallenplan\" target=\"_blank\" rel=\"noopener noreferrer\">Halle 4.2, Stand E 73-E 78<\/a>.<\/p>\n<p><em>Wir freuen uns auf Ihren Besuch!<\/em><\/p>\n","protected":false},"excerpt":{"rendered":"<p><a href=\"https:\/\/www.buchmesse.de\/\" target=\"_blank\" rel=\"noopener noreferrer\"><img loading=\"lazy\" decoding=\"async\" class=\"alignleft wp-image-1099\" style=\"border: 1px solid #ccc; padding: 8px 4px;\" title=\"Arbeitsgemeinschaft der Universit\u00e4tsverlage auf der Frankfurter Buchmesse 2019\" src=\"http:\/\/blog.bibliothek.kit.edu\/ag_univerlage\/wp-content\/uploads\/2014\/10\/Frankfurter_Buchmesse_rot_200x45.jpg\" alt=\"Logo\" width=\"181\" height=\"41\" srcset=\"https:\/\/ag-univerlage.de\/wp-content\/uploads\/2014\/10\/Frankfurter_Buchmesse_rot_200x45.jpg 199w, https:\/\/ag-univerlage.de\/wp-content\/uploads\/2014\/10\/Frankfurter_Buchmesse_rot_200x45-100x22.jpg 100w, https:\/\/ag-univerlage.de\/wp-content\/uploads\/2014\/10\/Frankfurter_Buchmesse_rot_200x45-150x33.jpg 150w\" sizes=\"auto, (max-width: 181px) 100vw, 181px\" \/><\/a>Die Mitglieder der Arbeitsgemeinschaft der Universit\u00e4tsverlage pr\u00e4sentieren eine Vielzahl neuer Titel w\u00e4hrend der <a href=\"https:\/\/www.buchmesse.de\/\" target=\"_blank\" rel=\"noopener noreferrer\">Frankfurter Buchmesse<\/a> (16. \u2013 20. Oktober 2019).<\/p>\n<p>Auf dem Gemeinschaftsstand stellen die AG-Mitglieder gemeinsam mit Leuven University Press ihre Buchproduktion und ihre innovativen Publikationsdienstleistungen vor.<\/p>\n<p><span class=\"ellipsis\">&hellip;<\/span><\/p>\n<div class=\"read-more\"><a href=\"https:\/\/ag-univerlage.de\/?p=2119\">Weiterlesen \u203a<\/a><\/div>\n<p><!-- end of .read-more --><\/p>\n","protected":false},"author":64,"featured_media":0,"comment_status":"closed","ping_status":"closed","sticky":false,"template":"","format":"standard","meta":{"footnotes":""},"categories":[42,48],"tags":[],"class_list":["post-2119","post","type-post","status-publish","format-standard","hentry","category-aktuelles","category-messen-und-ausstellungen"],"_links":{"self":[{"href":"https:\/\/ag-univerlage.de\/index.php?rest_route=\/wp\/v2\/posts\/2119","targetHints":{"allow":["GET"]}}],"collection":[{"href":"https:\/\/ag-univerlage.de\/index.php?rest_route=\/wp\/v2\/posts"}],"about":[{"href":"https:\/\/ag-univerlage.de\/index.php?rest_route=\/wp\/v2\/types\/post"}],"author":[{"embeddable":true,"href":"https:\/\/ag-univerlage.de\/index.php?rest_route=\/wp\/v2\/users\/64"}],"replies":[{"embeddable":true,"href":"https:\/\/ag-univerlage.de\/index.php?rest_route=%2Fwp%2Fv2%2Fcomments&post=2119"}],"version-history":[{"count":12,"href":"https:\/\/ag-univerlage.de\/index.php?rest_route=\/wp\/v2\/posts\/2119\/revisions"}],"predecessor-version":[{"id":2137,"href":"https:\/\/ag-univerlage.de\/index.php?rest_route=\/wp\/v2\/posts\/2119\/revisions\/2137"}],"wp:attachment":[{"href":"https:\/\/ag-univerlage.de\/index.php?rest_route=%2Fwp%2Fv2%2Fmedia&parent=2119"}],"wp:term":[{"taxonomy":"category","embeddable":true,"href":"https:\/\/ag-univerlage.de\/index.php?rest_route=%2Fwp%2Fv2%2Fcategories&post=2119"},{"taxonomy":"post_tag","embeddable":true,"href":"https:\/\/ag-univerlage.de\/index.php?rest_route=%2Fwp%2Fv2%2Ftags&post=2119"}],"curies":[{"name":"wp","href":"https:\/\/api.w.org\/{rel}","templated":true}]}}