{"id":1097,"date":"2014-10-07T13:35:05","date_gmt":"2014-10-07T11:35:05","guid":{"rendered":"http:\/\/blog.bibliothek.kit.edu\/ag_univerlage\/?p=1097"},"modified":"2014-10-07T13:35:05","modified_gmt":"2014-10-07T11:35:05","slug":"arbeitsgemeinschaft-der-universitaetsverlage-auf-der-frankfurter-buchmesse-2014","status":"publish","type":"post","link":"https:\/\/ag-univerlage.de\/?p=1097","title":{"rendered":"Arbeitsgemeinschaft der Universit\u00e4tsverlage auf der Frankfurter Buchmesse 2014"},"content":{"rendered":"<p><a href=\"http:\/\/www.buchmesse.de\/de\/fbm\/\"><img loading=\"lazy\" decoding=\"async\" class=\"alignleft size-full wp-image-1099\" src=\"http:\/\/blog.bibliothek.kit.edu\/ag_univerlage\/wp-content\/uploads\/2014\/10\/Frankfurter_Buchmesse_rot_200x45.jpg\" alt=\"Frankfurter_Buchmesse_rot_200x45\" width=\"199\" height=\"45\" title=\"Frankfurter Buchmesse\" style=\"margin-right:6px; border: 1px solid #ccc; padding: 6px 4px;\" srcset=\"https:\/\/ag-univerlage.de\/wp-content\/uploads\/2014\/10\/Frankfurter_Buchmesse_rot_200x45.jpg 199w, https:\/\/ag-univerlage.de\/wp-content\/uploads\/2014\/10\/Frankfurter_Buchmesse_rot_200x45-100x22.jpg 100w, https:\/\/ag-univerlage.de\/wp-content\/uploads\/2014\/10\/Frankfurter_Buchmesse_rot_200x45-150x33.jpg 150w\" sizes=\"auto, (max-width: 199px) 100vw, 199px\" \/><\/a>Die Mitglieder der Arbeitsgemeinschaft der Universit\u00e4tsverlage pr\u00e4sentieren eine Vielzahl neuer Titel w\u00e4hrend der Frankfurter Buchmesse (8. \u2013 12. Oktober 2014).<\/p>\n<p>Auf dem Gemeinschaftsstand Europ\u00e4ische Universit\u00e4tsverlage stellen die AG-Mitglieder gemeinsam mit italienischen und belgischen Universit\u00e4tsverlagen ihre Buchproduktion und ihre innovativen Publikationsdienstleistungen vor.<\/p>\n<p>Die Verlagsvertreterinnen und -vertreter stehen Ihnen gerne vor Ort f\u00fcr Fragen zur Verf\u00fcgung. Sie finden den Gemeinschaftsstand in Halle 4.2, Stand F91 <a href=\"http:\/\/einfo.book-fair.com\/einfo_aum\/jsp\/lageplan_aum_de.jsp?event=01004\">[Lageplan]<\/a>.<\/p>\n<p><i>Wir freuen uns auf Ihren Besuch!<\/i><\/p>\n","protected":false},"excerpt":{"rendered":"<p><a href=\"http:\/\/www.buchmesse.de\/de\/fbm\/\"><img loading=\"lazy\" decoding=\"async\" class=\"alignleft size-full wp-image-1099\" src=\"http:\/\/blog.bibliothek.kit.edu\/ag_univerlage\/wp-content\/uploads\/2014\/10\/Frankfurter_Buchmesse_rot_200x45.jpg\" alt=\"Frankfurter_Buchmesse_rot_200x45\" width=\"199\" height=\"45\" title=\"Frankfurter Buchmesse\" style=\"margin-right:6px; border: 1px solid #ccc; padding: 6px 4px;\" srcset=\"https:\/\/ag-univerlage.de\/wp-content\/uploads\/2014\/10\/Frankfurter_Buchmesse_rot_200x45.jpg 199w, https:\/\/ag-univerlage.de\/wp-content\/uploads\/2014\/10\/Frankfurter_Buchmesse_rot_200x45-100x22.jpg 100w, https:\/\/ag-univerlage.de\/wp-content\/uploads\/2014\/10\/Frankfurter_Buchmesse_rot_200x45-150x33.jpg 150w\" sizes=\"auto, (max-width: 199px) 100vw, 199px\" \/><\/a>Die Mitglieder der Arbeitsgemeinschaft der Universit\u00e4tsverlage pr\u00e4sentieren eine Vielzahl neuer Titel w\u00e4hrend der Frankfurter Buchmesse (8. \u2013 12. Oktober 2014).<\/p>\n<p>Auf dem Gemeinschaftsstand Europ\u00e4ische Universit\u00e4tsverlage stellen die AG-Mitglieder gemeinsam mit italienischen und belgischen Universit\u00e4tsverlagen ihre Buchproduktion und ihre innovativen Publikationsdienstleistungen vor.<\/p>\n<p><span class=\"ellipsis\">&hellip;<\/span><\/p>\n<div class=\"read-more\"><a href=\"https:\/\/ag-univerlage.de\/?p=1097\">Weiterlesen \u203a<\/a><\/div>\n<p><!-- end of .read-more --><\/p>\n","protected":false},"author":64,"featured_media":0,"comment_status":"closed","ping_status":"closed","sticky":false,"template":"","format":"standard","meta":{"footnotes":""},"categories":[42,20],"tags":[],"class_list":["post-1097","post","type-post","status-publish","format-standard","hentry","category-aktuelles","category-buchmesse"],"_links":{"self":[{"href":"https:\/\/ag-univerlage.de\/index.php?rest_route=\/wp\/v2\/posts\/1097","targetHints":{"allow":["GET"]}}],"collection":[{"href":"https:\/\/ag-univerlage.de\/index.php?rest_route=\/wp\/v2\/posts"}],"about":[{"href":"https:\/\/ag-univerlage.de\/index.php?rest_route=\/wp\/v2\/types\/post"}],"author":[{"embeddable":true,"href":"https:\/\/ag-univerlage.de\/index.php?rest_route=\/wp\/v2\/users\/64"}],"replies":[{"embeddable":true,"href":"https:\/\/ag-univerlage.de\/index.php?rest_route=%2Fwp%2Fv2%2Fcomments&post=1097"}],"version-history":[{"count":3,"href":"https:\/\/ag-univerlage.de\/index.php?rest_route=\/wp\/v2\/posts\/1097\/revisions"}],"predecessor-version":[{"id":1101,"href":"https:\/\/ag-univerlage.de\/index.php?rest_route=\/wp\/v2\/posts\/1097\/revisions\/1101"}],"wp:attachment":[{"href":"https:\/\/ag-univerlage.de\/index.php?rest_route=%2Fwp%2Fv2%2Fmedia&parent=1097"}],"wp:term":[{"taxonomy":"category","embeddable":true,"href":"https:\/\/ag-univerlage.de\/index.php?rest_route=%2Fwp%2Fv2%2Fcategories&post=1097"},{"taxonomy":"post_tag","embeddable":true,"href":"https:\/\/ag-univerlage.de\/index.php?rest_route=%2Fwp%2Fv2%2Ftags&post=1097"}],"curies":[{"name":"wp","href":"https:\/\/api.w.org\/{rel}","templated":true}]}}